{"id":21280,"date":"2026-09-02T14:09:56","date_gmt":"2026-09-02T17:09:56","guid":{"rendered":"https:\/\/www.sinpecpf.org.br\/site\/?p=21280"},"modified":"2026-09-02T14:27:18","modified_gmt":"2026-09-02T17:27:18","slug":"21280-2","status":"publish","type":"post","link":"https:\/\/www.sinpecpf.org.br\/site\/21280-2\/","title":{"rendered":"POL\u00cdCIA FEDERAL E UNIVERSIDADE DE BRAS\u00cdLIA PROMOVEM CAPACITA\u00c7\u00c3O PARA AVALIA\u00c7\u00c3O BIOPSICOSSOCIAL DA DEFICI\u00caNCIA"},"content":{"rendered":"<p style=\"text-align: justify;\">A Pol\u00edcia Federal, por meio da Diretoria de Gest\u00e3o de Pessoas DGP, em parceria com a Universidade de Bras\u00edlia (UnB), est\u00e1 promovendo uma capacita\u00e7\u00e3o para profissionais de sa\u00fade que atuam nas equipes multiprofissionais respons\u00e1veis pela avalia\u00e7\u00e3o da defici\u00eancia.<\/p>\n<p>A forma\u00e7\u00e3o tem como objetivo capacitar os profissionais para a realiza\u00e7\u00e3o da avalia\u00e7\u00e3o biopsicossocial da defici\u00eancia, com foco na utiliza\u00e7\u00e3o do \u00cdndice de Funcionalidade Brasileiro Adaptado (IFBrA) e do \u00cdndice de Funcionalidade Brasileiro Modificado (IFBrM), em conformidade com os princ\u00edpios e as diretrizes da Conven\u00e7\u00e3o sobre os Direitos das Pessoas com Defici\u00eancia e da Lei Brasileira de Inclus\u00e3o da Pessoa com Defici\u00eancia (Lei n\u00ba 13.146\/2015). A metodologia adotada baseia-se no modelo biopsicossocial, considerando n\u00e3o apenas os impedimentos relacionados \u00e0s fun\u00e7\u00f5es e estruturas do corpo, mas tamb\u00e9m a influ\u00eancia de fatores ambientais, sociais e pessoais, bem como das barreiras e dos facilitadores que impactam a funcionalidade, a autonomia e a participa\u00e7\u00e3o das pessoas nos diferentes contextos de vida.<\/p>\n<p>Com carga hor\u00e1ria de 65 horas, o curso combina atividades te\u00f3ricas e pr\u00e1ticas, incluindo a aplica\u00e7\u00e3o dos instrumentos em estudos de caso e atividades de supervis\u00e3o. A iniciativa busca qualificar as equipes para a realiza\u00e7\u00e3o de avalia\u00e7\u00f5es alinhadas \u00e0 legisla\u00e7\u00e3o vigente e aos princ\u00edpios da inclus\u00e3o e da acessibilidade.<\/p>\n<p>A implementa\u00e7\u00e3o da avalia\u00e7\u00e3o biopsicossocial da defici\u00eancia tem potencial impacto na vida funcional dos servidores que dela necessitam, bem como constitui importante instrumento para a gest\u00e3o institucional. Nesse sentido, a capacita\u00e7\u00e3o representa mais um passo no fortalecimento das a\u00e7\u00f5es voltadas \u00e0 inclus\u00e3o e \u00e0 garantia de direitos no \u00e2mbito da Pol\u00edcia Federal.<br \/>\nO SINPECPF continuar\u00e1 acompanhando as medidas que possam impactar os servidores do Plano Especial de Cargos da Pol\u00edcia Federal, especialmente aquelas relacionadas \u00e0s condi\u00e7\u00f5es de trabalho e aos direitos funcionais da categoria.<\/p>\n","protected":false},"excerpt":{"rendered":"<p>A Pol\u00edcia Federal, por meio da Diretoria de Gest\u00e3o de Pessoas DGP, em parceria com a Universidade de Bras\u00edlia (UnB), est\u00e1 promovendo uma capacita\u00e7\u00e3o para profissionais de sa\u00fade que atuam nas equipes multiprofissionais respons\u00e1veis pela avalia\u00e7\u00e3o da defici\u00eancia. A forma\u00e7\u00e3o tem como objetivo capacitar os profissionais para a realiza\u00e7\u00e3o da avalia\u00e7\u00e3o biopsicossocial da defici\u00eancia, com [&hellip;]<\/p>\n","protected":false},"author":130,"featured_media":21287,"comment_status":"open","ping_status":"open","sticky":true,"template":"","format":"standard","meta":{"_bbp_topic_count":0,"_bbp_reply_count":0,"_bbp_total_topic_count":0,"_bbp_total_reply_count":0,"_bbp_voice_count":0,"_bbp_anonymous_reply_count":0,"_bbp_topic_count_hidden":0,"_bbp_reply_count_hidden":0,"_bbp_forum_subforum_count":0,"_et_pb_use_builder":"","_et_pb_old_content":"","_et_gb_content_width":"","_joinchat":[],"footnotes":""},"categories":[19,17],"tags":[],"class_list":["post-21280","post","type-post","status-publish","format-standard","has-post-thumbnail","hentry","category-comunicado","category-noticias","et-has-post-format-content","et_post_format-et-post-format-standard"],"_links":{"self":[{"href":"https:\/\/www.sinpecpf.org.br\/site\/wp-json\/wp\/v2\/posts\/21280","targetHints":{"allow":["GET"]}}],"collection":[{"href":"https:\/\/www.sinpecpf.org.br\/site\/wp-json\/wp\/v2\/posts"}],"about":[{"href":"https:\/\/www.sinpecpf.org.br\/site\/wp-json\/wp\/v2\/types\/post"}],"author":[{"embeddable":true,"href":"https:\/\/www.sinpecpf.org.br\/site\/wp-json\/wp\/v2\/users\/130"}],"replies":[{"embeddable":true,"href":"https:\/\/www.sinpecpf.org.br\/site\/wp-json\/wp\/v2\/comments?post=21280"}],"version-history":[{"count":4,"href":"https:\/\/www.sinpecpf.org.br\/site\/wp-json\/wp\/v2\/posts\/21280\/revisions"}],"predecessor-version":[{"id":21289,"href":"https:\/\/www.sinpecpf.org.br\/site\/wp-json\/wp\/v2\/posts\/21280\/revisions\/21289"}],"wp:featuredmedia":[{"embeddable":true,"href":"https:\/\/www.sinpecpf.org.br\/site\/wp-json\/wp\/v2\/media\/21287"}],"wp:attachment":[{"href":"https:\/\/www.sinpecpf.org.br\/site\/wp-json\/wp\/v2\/media?parent=21280"}],"wp:term":[{"taxonomy":"category","embeddable":true,"href":"https:\/\/www.sinpecpf.org.br\/site\/wp-json\/wp\/v2\/categories?post=21280"},{"taxonomy":"post_tag","embeddable":true,"href":"https:\/\/www.sinpecpf.org.br\/site\/wp-json\/wp\/v2\/tags?post=21280"}],"curies":[{"name":"wp","href":"https:\/\/api.w.org\/{rel}","templated":true}]}}