{"id":21122,"date":"2026-04-30T12:33:43","date_gmt":"2026-04-30T15:33:43","guid":{"rendered":"https:\/\/www.sinpecpf.org.br\/site\/?p=21122"},"modified":"2026-04-30T12:33:43","modified_gmt":"2026-04-30T15:33:43","slug":"sinpecpf-reforca-atuacao-institucional-em-pautas-estrategicas-para-a-area-administrativa-da-policia-federal","status":"publish","type":"post","link":"https:\/\/www.sinpecpf.org.br\/site\/sinpecpf-reforca-atuacao-institucional-em-pautas-estrategicas-para-a-area-administrativa-da-policia-federal\/","title":{"rendered":"SINPECPF refor\u00e7a atua\u00e7\u00e3o institucional em pautas estrat\u00e9gicas para a \u00e1rea administrativa da Pol\u00edcia Federal"},"content":{"rendered":"<p style=\"text-align: justify;\" data-start=\"272\" data-end=\"518\">O Sindicato Nacional dos Servidores do Plano Especial de Cargos da Pol\u00edcia Federal (SINPECPF) tem intensificado o di\u00e1logo institucional com a Dire\u00e7\u00e3o-Geral da Pol\u00edcia Federal em defesa do fortalecimento da estrutura administrativa da institui\u00e7\u00e3o.<\/p>\n<p style=\"text-align: justify;\" data-start=\"520\" data-end=\"736\">Recentemente, a entidade encaminhou of\u00edcios tratando de temas relevantes para a valoriza\u00e7\u00e3o dos servidores do Plano Especial de Cargos da Pol\u00edcia Federal (PECPF) e para o aprimoramento da gest\u00e3o administrativa da PF.<\/p>\n<p style=\"text-align: justify;\" data-start=\"738\" data-end=\"1198\">No que se refere \u00e0 Gratifica\u00e7\u00e3o Tempor\u00e1ria de Execu\u00e7\u00e3o e Apoio a Atividades T\u00e9cnicas e Administrativas (GTATA), prevista na Lei n\u00ba 15.367\/2026, o SINPECPF relembrou que j\u00e1 vem defendendo, de forma cont\u00ednua, a solicita\u00e7\u00e3o do maior quantitativo poss\u00edvel de vagas para a Pol\u00edcia Federal. Neste momento, a atua\u00e7\u00e3o do Sindicato se volta ao acompanhamento da implementa\u00e7\u00e3o da gratifica\u00e7\u00e3o, com especial aten\u00e7\u00e3o \u00e0 defini\u00e7\u00e3o dos crit\u00e9rios que orientar\u00e3o sua concess\u00e3o.<\/p>\n<p style=\"text-align: justify;\" data-start=\"1200\" data-end=\"1445\">A iniciativa busca contribuir para que o processo ocorra com transpar\u00eancia, clareza e alinhamento institucional, favorecendo a adequada aplica\u00e7\u00e3o da GTATA \u00e0s atividades t\u00e9cnicas e administrativas que sustentam o funcionamento da Pol\u00edcia Federal.<\/p>\n<p style=\"text-align: justify;\" data-start=\"1447\" data-end=\"1663\">O SINPECPF tamb\u00e9m solicitou a atualiza\u00e7\u00e3o do quantitativo de cargos vagos do PECPF, medida importante para o correto dimensionamento da for\u00e7a de trabalho administrativa e para o planejamento de futuras recomposi\u00e7\u00f5es.<\/p>\n<p style=\"text-align: justify;\" data-start=\"1665\" data-end=\"2010\">Outro ponto levado \u00e0 Dire\u00e7\u00e3o-Geral foi a necessidade de que o fortalecimento do quadro policial seja acompanhado pela devida aten\u00e7\u00e3o \u00e0 estrutura administrativa. A entidade tem destacado que o equil\u00edbrio entre as \u00e1reas \u00e9 fundamental para garantir efici\u00eancia, continuidade dos servi\u00e7os e suporte adequado \u00e0s atividades final\u00edsticas da institui\u00e7\u00e3o.<\/p>\n<p style=\"text-align: justify;\" data-start=\"2012\" data-end=\"2288\">Nesse contexto, o Sindicato reiterou a import\u00e2ncia de avan\u00e7ar na recomposi\u00e7\u00e3o do quadro administrativo, inclusive com a an\u00e1lise de aproveitamento do cadastro reserva do concurso PECPF 2025, em conson\u00e2ncia com as necessidades institucionais e o planejamento da Pol\u00edcia Federal.<\/p>\n<p style=\"text-align: justify;\" data-start=\"2290\" data-end=\"2539\">O SINPECPF permanece \u00e0 disposi\u00e7\u00e3o da Administra\u00e7\u00e3o para contribuir tecnicamente com dados, estudos e propostas, reafirmando seu compromisso com o fortalecimento institucional da Pol\u00edcia Federal e com a valoriza\u00e7\u00e3o de seus servidores administrativos.<\/p>\n","protected":false},"excerpt":{"rendered":"<p>O Sindicato Nacional dos Servidores do Plano Especial de Cargos da Pol\u00edcia Federal (SINPECPF) tem intensificado o di\u00e1logo institucional com a Dire\u00e7\u00e3o-Geral da Pol\u00edcia Federal em defesa do fortalecimento da estrutura administrativa da institui\u00e7\u00e3o. Recentemente, a entidade encaminhou of\u00edcios tratando de temas relevantes para a valoriza\u00e7\u00e3o dos servidores do Plano Especial de Cargos da Pol\u00edcia [&hellip;]<\/p>\n","protected":false},"author":130,"featured_media":21123,"comment_status":"open","ping_status":"open","sticky":true,"template":"","format":"standard","meta":{"_bbp_topic_count":0,"_bbp_reply_count":0,"_bbp_total_topic_count":0,"_bbp_total_reply_count":0,"_bbp_voice_count":0,"_bbp_anonymous_reply_count":0,"_bbp_topic_count_hidden":0,"_bbp_reply_count_hidden":0,"_bbp_forum_subforum_count":0,"_et_pb_use_builder":"","_et_pb_old_content":"","_et_gb_content_width":"","_joinchat":[],"footnotes":""},"categories":[17],"tags":[],"class_list":["post-21122","post","type-post","status-publish","format-standard","has-post-thumbnail","hentry","category-noticias","et-has-post-format-content","et_post_format-et-post-format-standard"],"_links":{"self":[{"href":"https:\/\/www.sinpecpf.org.br\/site\/wp-json\/wp\/v2\/posts\/21122","targetHints":{"allow":["GET"]}}],"collection":[{"href":"https:\/\/www.sinpecpf.org.br\/site\/wp-json\/wp\/v2\/posts"}],"about":[{"href":"https:\/\/www.sinpecpf.org.br\/site\/wp-json\/wp\/v2\/types\/post"}],"author":[{"embeddable":true,"href":"https:\/\/www.sinpecpf.org.br\/site\/wp-json\/wp\/v2\/users\/130"}],"replies":[{"embeddable":true,"href":"https:\/\/www.sinpecpf.org.br\/site\/wp-json\/wp\/v2\/comments?post=21122"}],"version-history":[{"count":1,"href":"https:\/\/www.sinpecpf.org.br\/site\/wp-json\/wp\/v2\/posts\/21122\/revisions"}],"predecessor-version":[{"id":21124,"href":"https:\/\/www.sinpecpf.org.br\/site\/wp-json\/wp\/v2\/posts\/21122\/revisions\/21124"}],"wp:featuredmedia":[{"embeddable":true,"href":"https:\/\/www.sinpecpf.org.br\/site\/wp-json\/wp\/v2\/media\/21123"}],"wp:attachment":[{"href":"https:\/\/www.sinpecpf.org.br\/site\/wp-json\/wp\/v2\/media?parent=21122"}],"wp:term":[{"taxonomy":"category","embeddable":true,"href":"https:\/\/www.sinpecpf.org.br\/site\/wp-json\/wp\/v2\/categories?post=21122"},{"taxonomy":"post_tag","embeddable":true,"href":"https:\/\/www.sinpecpf.org.br\/site\/wp-json\/wp\/v2\/tags?post=21122"}],"curies":[{"name":"wp","href":"https:\/\/api.w.org\/{rel}","templated":true}]}}