{"id":21114,"date":"2026-04-28T17:51:05","date_gmt":"2026-04-28T20:51:05","guid":{"rendered":"https:\/\/www.sinpecpf.org.br\/site\/?p=21114"},"modified":"2026-04-28T17:51:05","modified_gmt":"2026-04-28T20:51:05","slug":"nota-de-pesar-leni-gomes-da-silva","status":"publish","type":"post","link":"https:\/\/www.sinpecpf.org.br\/site\/nota-de-pesar-leni-gomes-da-silva\/","title":{"rendered":"NOTA DE PESAR &#8211; LENI GOMES DA SILVA"},"content":{"rendered":"<p style=\"text-align: justify;\" data-start=\"106\" data-end=\"249\">O <strong data-start=\"108\" data-end=\"120\">SINPECPF<\/strong> manifesta seu mais profundo pesar pelo falecimento de <em><strong data-start=\"175\" data-end=\"198\">Leni Gomes da Silva<\/strong><\/em>, ocorrido em <strong data-start=\"212\" data-end=\"235\">28 de abril de 2026<\/strong>, aos 62 anos.<\/p>\n<p style=\"text-align: justify;\" data-start=\"251\" data-end=\"530\">Nascida em <strong data-start=\"262\" data-end=\"287\">13 de outubro de 1963<\/strong>, Leni deixa um legado marcado pelo respeito, pela conviv\u00eancia harmoniosa e pelas rela\u00e7\u00f5es constru\u00eddas ao longo de sua vida. Sua partida representa uma perda significativa para familiares, amigos e todos que tiveram o privil\u00e9gio de conhec\u00ea-la.<\/p>\n<p style=\"text-align: justify;\" data-start=\"532\" data-end=\"708\">Neste momento de dor, o SINPECPF se solidariza com os familiares e amigos, desejando que encontrem conforto nas boas lembran\u00e7as e na for\u00e7a necess\u00e1ria para enfrentar esta perda.<\/p>\n","protected":false},"excerpt":{"rendered":"<p>O SINPECPF manifesta seu mais profundo pesar pelo falecimento de Leni Gomes da Silva, ocorrido em 28 de abril de 2026, aos 62 anos. Nascida em 13 de outubro de 1963, Leni deixa um legado marcado pelo respeito, pela conviv\u00eancia harmoniosa e pelas rela\u00e7\u00f5es constru\u00eddas ao longo de sua vida. Sua partida representa uma perda [&hellip;]<\/p>\n","protected":false},"author":130,"featured_media":21115,"comment_status":"open","ping_status":"open","sticky":false,"template":"","format":"standard","meta":{"_bbp_topic_count":0,"_bbp_reply_count":0,"_bbp_total_topic_count":0,"_bbp_total_reply_count":0,"_bbp_voice_count":0,"_bbp_anonymous_reply_count":0,"_bbp_topic_count_hidden":0,"_bbp_reply_count_hidden":0,"_bbp_forum_subforum_count":0,"_et_pb_use_builder":"","_et_pb_old_content":"","_et_gb_content_width":"","_joinchat":[],"footnotes":""},"categories":[19],"tags":[],"class_list":["post-21114","post","type-post","status-publish","format-standard","has-post-thumbnail","hentry","category-comunicado","et-has-post-format-content","et_post_format-et-post-format-standard"],"_links":{"self":[{"href":"https:\/\/www.sinpecpf.org.br\/site\/wp-json\/wp\/v2\/posts\/21114","targetHints":{"allow":["GET"]}}],"collection":[{"href":"https:\/\/www.sinpecpf.org.br\/site\/wp-json\/wp\/v2\/posts"}],"about":[{"href":"https:\/\/www.sinpecpf.org.br\/site\/wp-json\/wp\/v2\/types\/post"}],"author":[{"embeddable":true,"href":"https:\/\/www.sinpecpf.org.br\/site\/wp-json\/wp\/v2\/users\/130"}],"replies":[{"embeddable":true,"href":"https:\/\/www.sinpecpf.org.br\/site\/wp-json\/wp\/v2\/comments?post=21114"}],"version-history":[{"count":1,"href":"https:\/\/www.sinpecpf.org.br\/site\/wp-json\/wp\/v2\/posts\/21114\/revisions"}],"predecessor-version":[{"id":21116,"href":"https:\/\/www.sinpecpf.org.br\/site\/wp-json\/wp\/v2\/posts\/21114\/revisions\/21116"}],"wp:featuredmedia":[{"embeddable":true,"href":"https:\/\/www.sinpecpf.org.br\/site\/wp-json\/wp\/v2\/media\/21115"}],"wp:attachment":[{"href":"https:\/\/www.sinpecpf.org.br\/site\/wp-json\/wp\/v2\/media?parent=21114"}],"wp:term":[{"taxonomy":"category","embeddable":true,"href":"https:\/\/www.sinpecpf.org.br\/site\/wp-json\/wp\/v2\/categories?post=21114"},{"taxonomy":"post_tag","embeddable":true,"href":"https:\/\/www.sinpecpf.org.br\/site\/wp-json\/wp\/v2\/tags?post=21114"}],"curies":[{"name":"wp","href":"https:\/\/api.w.org\/{rel}","templated":true}]}}